{"id":213,"date":"2014-05-10T22:42:29","date_gmt":"2014-05-10T22:42:29","guid":{"rendered":"https:\/\/blog.mflabs.it\/?p=213"},"modified":"2014-09-18T08:54:06","modified_gmt":"2014-09-18T08:54:06","slug":"immagina-una-serata-allo-spazio-onoff-il-coworking-a-parma","status":"publish","type":"post","link":"https:\/\/blog.mflabs.it\/index.php\/2014\/05\/10\/immagina-una-serata-allo-spazio-onoff-il-coworking-a-parma\/","title":{"rendered":"Immagina una serata allo spazio ON\/OFF, il coworking a Parma"},"content":{"rendered":"<div id=\"attachment_227\" style=\"width: 190px\" class=\"wp-caption alignleft\"><a href=\"https:\/\/blog.mflabs.it\/wp-content\/uploads\/2014\/05\/1604841_458427764280363_60844825_a.jpg\"><img loading=\"lazy\" decoding=\"async\" aria-describedby=\"caption-attachment-227\" class=\"wp-image-227 size-full\" src=\"https:\/\/blog.mflabs.it\/wp-content\/uploads\/2014\/05\/1604841_458427764280363_60844825_a.jpg\" alt=\"\" width=\"180\" height=\"180\" srcset=\"https:\/\/blog.mflabs.it\/wp-content\/uploads\/2014\/05\/1604841_458427764280363_60844825_a.jpg 180w, https:\/\/blog.mflabs.it\/wp-content\/uploads\/2014\/05\/1604841_458427764280363_60844825_a-150x150.jpg 150w\" sizes=\"auto, (max-width: 180px) 100vw, 180px\" \/><\/a><p id=\"caption-attachment-227\" class=\"wp-caption-text\">Il logo dello spazio On\/Off<\/p><\/div>\n<p>A gennaio abbiamo ricevuto l&#8217;invito a partecipare ad una serata presso lo spazio di Coworking ON\/OFF a Parma. Un evento informale per far conoscere questo luogo e le sue enormi potenzialit\u00e0, un modo spontaneo e naturale per parlare di <strong>arte, stampa 3D e tecnologia<\/strong>.<\/p>\n<p>L&#8217;idea ci \u00e8 subito piaciuta e cos\u00ec ci siamo attivati per allestire la nostra postazione e far conoscere qualcosa di noi e del nostro mondo. Questo post giace nelle bozze da mesi, in attesa di essere completato e pubblicato. Il tempo \u00e8 tiranno e i tanti progetti che stiamo portando avanti ci lasciano davvero pochi spazi. Quello che per\u00f2 abbiamo visto e l&#8217;esperienza che abbiamo vissuto meritano di essere raccontate.<\/p>\n<p>Su cosa sia uno spazio di\u00a0<strong>coworking<\/strong>\u00a0non mi soffermer\u00f2 in dettaglio. La rete \u00e8 ricca\u00a0di definizioni, esempi, testimonianze. Analogamente non star\u00f2 a raccontarvi della genesi e delle finalit\u00e0 dell&#8217;<strong>officina On\/Off<\/strong>, di cui potete trovare informazioni e dettagli nel <a title=\"Officina di Coworking On\/Off\" href=\"http:\/\/www.officinaonoff.com\" target=\"_blank\">sito<\/a> e nella <a title=\"Pagina facebook dell'officina On\/Off\" href=\"https:\/\/www.facebook.com\/ONOFFParma\" target=\"_blank\">pagina\u00a0Facebook <\/a>dedicata, che vi invitiamo a visitare e seguire.<\/p>\n<p>Vi racconter\u00f2 invece l&#8217;esperienza che abbiamo vissuto come <strong>MF Labs<\/strong> durante quella serata. Abbiamo incontrato giovani pieni di <strong>entusiasmo<\/strong> e di voglia di fare, carichi di <strong>ottimismo,\u00a0<\/strong>con tanti <strong>progetti<\/strong> ed <strong>idee<\/strong> da coltivare e far crescere. Ci siamo trovati di fronte un ambiente accogliente e ospitale, dove la <strong>condivisione<\/strong> funziona da perno e da motore per tutte le iniziative. Una condivisione che mira a mantenere e promuovere le identit\u00e0 dei singoli nell&#8217;interesse della comunit\u00e0. Abbiamo respirato e vissuto un luogo nato per <strong>creare opportunit\u00e0 e possibilit\u00e0<\/strong> e questo ci ha fatto subito sentire in sintonia. E&#8217; stato un po&#8217; come essere a casa, nella fucina, dove ogni giorno con tanta passione ci muoviamo animati dallo stesso spirito. Sono luoghi come questi che insieme alle persone competenti e motivate che li frequentano ci fanno guardare con estrema fiducia verso il futuro, quel futuro che visto da questa prospettiva non \u00e8 assolutamente cos\u00ec buio e tetro come vogliono farci credere.<\/p>\n<p>Durante la serata abbiamo fatto conoscere qualcosa di noi al pubblico intervenuto ma soprattutto abbiamo fatto toccare con mano quello che nei giorni scorsi\u00a0\u00e8 stato battezzato come il <strong>progetto ARALE<\/strong>: la possibilit\u00e0 di <strong>controllare periferiche remote tramite stato mentale<\/strong>. Per la seconda volta (la prima \u00e8 stata in occasione della scorsa edizione del Festival del Prosciutto a Langhirano) abbiamo avuto la possibilit\u00e0 di confrontarci con il mondo reale per scoprire l&#8217;estremo interesse e la curiosit\u00e0 che il nostro progetto suscita nelle persone. Questo ci ha stimolato a proseguire ulteriormente nella nostra ricerca e la prossima settimana avremo l&#8217;onore di presentare alcuni workshop dedicati al Museo della Scienza Leonardo da Vinci di Milano. Ma di questo vi parler\u00f2 in un altro post. Per ora vi lascio\u00a0gustare alcune foto scattate durante l&#8217;evento all&#8217;On\/Off.<\/p>\n<p>Alla prossima!<\/p>\n<p>Mirco<\/p>\n\n\t\t<style type=\"text\/css\">\n\t\t\t#gallery-1 {\n\t\t\t\tmargin: auto;\n\t\t\t}\n\t\t\t#gallery-1 .gallery-item {\n\t\t\t\tfloat: left;\n\t\t\t\tmargin-top: 10px;\n\t\t\t\ttext-align: center;\n\t\t\t\twidth: 33%;\n\t\t\t}\n\t\t\t#gallery-1 img {\n\t\t\t\tborder: 2px solid #cfcfcf;\n\t\t\t}\n\t\t\t#gallery-1 .gallery-caption {\n\t\t\t\tmargin-left: 0;\n\t\t\t}\n\t\t\t\/* see gallery_shortcode() in wp-includes\/media.php *\/\n\t\t<\/style>\n\t\t<div id='gallery-1' class='gallery galleryid-213 gallery-columns-3 gallery-size-thumbnail'><dl class='gallery-item'>\n\t\t\t<dt class='gallery-icon landscape'>\n\t\t\t\t<a href='https:\/\/blog.mflabs.it\/index.php\/2014\/05\/10\/immagina-una-serata-allo-spazio-onoff-il-coworking-a-parma\/1015790_465157120274094_298591786_o\/'><img loading=\"lazy\" decoding=\"async\" width=\"150\" height=\"150\" src=\"https:\/\/blog.mflabs.it\/wp-content\/uploads\/2014\/05\/1015790_465157120274094_298591786_o-150x150.jpg\" class=\"attachment-thumbnail size-thumbnail\" alt=\"Lego Mindstorm mosso con la concentrazione\" aria-describedby=\"gallery-1-218\" \/><\/a>\n\t\t\t<\/dt>\n\t\t\t\t<dd class='wp-caption-text gallery-caption' id='gallery-1-218'>\n\t\t\t\tIl rover realizzato con il Lego Mindstorm che abbiamo mosso sfruttando la concentrazione.\n\t\t\t\t<\/dd><\/dl><dl class='gallery-item'>\n\t\t\t<dt class='gallery-icon landscape'>\n\t\t\t\t<a href='https:\/\/blog.mflabs.it\/index.php\/2014\/05\/10\/immagina-una-serata-allo-spazio-onoff-il-coworking-a-parma\/1606409_465158170273989_577494314_o\/'><img loading=\"lazy\" decoding=\"async\" width=\"150\" height=\"150\" src=\"https:\/\/blog.mflabs.it\/wp-content\/uploads\/2014\/05\/1606409_465158170273989_577494314_o-150x150.jpg\" class=\"attachment-thumbnail size-thumbnail\" alt=\"Progetto Arale\" aria-describedby=\"gallery-1-219\" \/><\/a>\n\t\t\t<\/dt>\n\t\t\t\t<dd class='wp-caption-text gallery-caption' id='gallery-1-219'>\n\t\t\t\tQualche spiegazione sul funzionamento del nostro progetto\n\t\t\t\t<\/dd><\/dl><dl class='gallery-item'>\n\t\t\t<dt class='gallery-icon portrait'>\n\t\t\t\t<a href='https:\/\/blog.mflabs.it\/index.php\/2014\/05\/10\/immagina-una-serata-allo-spazio-onoff-il-coworking-a-parma\/1614186_465153336941139_694346006_o\/'><img loading=\"lazy\" decoding=\"async\" width=\"150\" height=\"150\" src=\"https:\/\/blog.mflabs.it\/wp-content\/uploads\/2014\/05\/1614186_465153336941139_694346006_o-150x150.jpg\" class=\"attachment-thumbnail size-thumbnail\" alt=\"computer su misura per videogiochi\" aria-describedby=\"gallery-1-220\" \/><\/a>\n\t\t\t<\/dt>\n\t\t\t\t<dd class='wp-caption-text gallery-caption' id='gallery-1-220'>\n\t\t\t\tL&#8217;interno di un computer progettato interamente in fucina e pensato per i gamers pi\u00f9 esigenti\n\t\t\t\t<\/dd><\/dl><br style=\"clear: both\" \/><dl class='gallery-item'>\n\t\t\t<dt class='gallery-icon landscape'>\n\t\t\t\t<a href='https:\/\/blog.mflabs.it\/index.php\/2014\/05\/10\/immagina-una-serata-allo-spazio-onoff-il-coworking-a-parma\/1622528_465156180274188_1431119834_o\/'><img loading=\"lazy\" decoding=\"async\" width=\"150\" height=\"150\" src=\"https:\/\/blog.mflabs.it\/wp-content\/uploads\/2014\/05\/1622528_465156180274188_1431119834_o-150x150.jpg\" class=\"attachment-thumbnail size-thumbnail\" alt=\"\" aria-describedby=\"gallery-1-221\" \/><\/a>\n\t\t\t<\/dt>\n\t\t\t\t<dd class='wp-caption-text gallery-caption' id='gallery-1-221'>\n\t\t\t\tFrancesco Copelli durante l&#8217;immersiva esperienza del progetto ARALE\n\t\t\t\t<\/dd><\/dl><dl class='gallery-item'>\n\t\t\t<dt class='gallery-icon portrait'>\n\t\t\t\t<a href='https:\/\/blog.mflabs.it\/index.php\/2014\/05\/10\/immagina-una-serata-allo-spazio-onoff-il-coworking-a-parma\/1799127_465155006940972_1111625916_o\/'><img loading=\"lazy\" decoding=\"async\" width=\"150\" height=\"150\" src=\"https:\/\/blog.mflabs.it\/wp-content\/uploads\/2014\/05\/1799127_465155006940972_1111625916_o-150x150.jpg\" class=\"attachment-thumbnail size-thumbnail\" alt=\"\" aria-describedby=\"gallery-1-222\" \/><\/a>\n\t\t\t<\/dt>\n\t\t\t\t<dd class='wp-caption-text gallery-caption' id='gallery-1-222'>\n\t\t\t\tRossella Lombardozzi durante la prova con il Mindwave\n\t\t\t\t<\/dd><\/dl><dl class='gallery-item'>\n\t\t\t<dt class='gallery-icon landscape'>\n\t\t\t\t<a href='https:\/\/blog.mflabs.it\/index.php\/2014\/05\/10\/immagina-una-serata-allo-spazio-onoff-il-coworking-a-parma\/1801189_465153646941108_39165894_o\/'><img loading=\"lazy\" decoding=\"async\" width=\"150\" height=\"150\" src=\"https:\/\/blog.mflabs.it\/wp-content\/uploads\/2014\/05\/1801189_465153646941108_39165894_o-150x150.jpg\" class=\"attachment-thumbnail size-thumbnail\" alt=\"\" aria-describedby=\"gallery-1-223\" \/><\/a>\n\t\t\t<\/dt>\n\t\t\t\t<dd class='wp-caption-text gallery-caption' id='gallery-1-223'>\n\t\t\t\tUno dei momenti della prova\n\t\t\t\t<\/dd><\/dl><br style=\"clear: both\" \/><dl class='gallery-item'>\n\t\t\t<dt class='gallery-icon landscape'>\n\t\t\t\t<a href='https:\/\/blog.mflabs.it\/index.php\/2014\/05\/10\/immagina-una-serata-allo-spazio-onoff-il-coworking-a-parma\/1899728_465153826941090_2075647574_o\/'><img loading=\"lazy\" decoding=\"async\" width=\"150\" height=\"150\" src=\"https:\/\/blog.mflabs.it\/wp-content\/uploads\/2014\/05\/1899728_465153826941090_2075647574_o-150x150.jpg\" class=\"attachment-thumbnail size-thumbnail\" alt=\"\" aria-describedby=\"gallery-1-224\" \/><\/a>\n\t\t\t<\/dt>\n\t\t\t\t<dd class='wp-caption-text gallery-caption' id='gallery-1-224'>\n\t\t\t\tCuriosi, appassionati, increduli&#8230;un pubblico stupendo!\n\t\t\t\t<\/dd><\/dl><dl class='gallery-item'>\n\t\t\t<dt class='gallery-icon landscape'>\n\t\t\t\t<a href='https:\/\/blog.mflabs.it\/index.php\/2014\/05\/10\/immagina-una-serata-allo-spazio-onoff-il-coworking-a-parma\/1921072_465155363607603_28252117_o\/'><img loading=\"lazy\" decoding=\"async\" width=\"150\" height=\"150\" src=\"https:\/\/blog.mflabs.it\/wp-content\/uploads\/2014\/05\/1921072_465155363607603_28252117_o-150x150.jpg\" class=\"attachment-thumbnail size-thumbnail\" alt=\"\" aria-describedby=\"gallery-1-225\" \/><\/a>\n\t\t\t<\/dt>\n\t\t\t\t<dd class='wp-caption-text gallery-caption' id='gallery-1-225'>\n\t\t\t\tManuele Mandolini di MF Labs illustra il progetto \n\t\t\t\t<\/dd><\/dl>\n\t\t\t<br style='clear: both' \/>\n\t\t<\/div>\n\n","protected":false},"excerpt":{"rendered":"<p>A gennaio abbiamo ricevuto l&#8217;invito a partecipare ad una serata presso lo spazio di Coworking ON\/OFF a Parma. Un evento informale per far conoscere questo luogo e le sue enormi potenzialit\u00e0, un modo spontaneo e naturale per parlare di arte, stampa 3D e tecnologia. L&#8217;idea ci \u00e8 subito piaciuta e [&hellip;]<\/p>\n","protected":false},"author":1,"featured_media":227,"comment_status":"open","ping_status":"open","sticky":false,"template":"","format":"gallery","meta":{"sfsi_plus_gutenberg_text_before_share":"","sfsi_plus_gutenberg_show_text_before_share":"","sfsi_plus_gutenberg_icon_type":"","sfsi_plus_gutenberg_icon_alignemt":"","sfsi_plus_gutenburg_max_per_row":"","footnotes":""},"categories":[86,45,36,98,88,87,131],"tags":[89,113,115,114,100,91,117,116],"class_list":["post-213","post","type-post","status-publish","format-gallery","has-post-thumbnail","hentry","category-arduino","category-eventi","category-hardware","category-lego-mindstorm","category-makers","category-mindwave","category-project-arale","tag-arduino-2","tag-coworking","tag-eventi-2","tag-lavoro","tag-mindstorm","tag-mindwave-2","tag-parma","tag-spazio-onoff","post_format-post-format-gallery"],"yoast_head":"<!-- This site is optimized with the Yoast SEO plugin v27.2 - https:\/\/yoast.com\/product\/yoast-seo-wordpress\/ -->\n<title>Immagina una serata allo spazio ON\/OFF, il coworking a Parma - &quot;NOTIZIE DALLA FUCINA&quot;<\/title>\n<meta name=\"robots\" content=\"index, follow, max-snippet:-1, max-image-preview:large, max-video-preview:-1\" \/>\n<link rel=\"canonical\" href=\"https:\/\/blog.mflabs.it\/index.php\/2014\/05\/10\/immagina-una-serata-allo-spazio-onoff-il-coworking-a-parma\/\" \/>\n<meta property=\"og:locale\" content=\"it_IT\" \/>\n<meta property=\"og:type\" content=\"article\" \/>\n<meta property=\"og:title\" content=\"Immagina una serata allo spazio ON\/OFF, il coworking a Parma - &quot;NOTIZIE DALLA FUCINA&quot;\" \/>\n<meta property=\"og:description\" content=\"A gennaio abbiamo ricevuto l&#8217;invito a partecipare ad una serata presso lo spazio di Coworking ON\/OFF a Parma. Un evento informale per far conoscere questo luogo e le sue enormi potenzialit\u00e0, un modo spontaneo e naturale per parlare di arte, stampa 3D e tecnologia. L&#8217;idea ci \u00e8 subito piaciuta e [&hellip;]\" \/>\n<meta property=\"og:url\" content=\"https:\/\/blog.mflabs.it\/index.php\/2014\/05\/10\/immagina-una-serata-allo-spazio-onoff-il-coworking-a-parma\/\" \/>\n<meta property=\"og:site_name\" content=\"&quot;NOTIZIE DALLA FUCINA&quot;\" \/>\n<meta property=\"article:publisher\" content=\"https:\/\/www.facebook.com\/mflabs\" \/>\n<meta property=\"article:published_time\" content=\"2014-05-10T22:42:29+00:00\" \/>\n<meta property=\"article:modified_time\" content=\"2014-09-18T08:54:06+00:00\" \/>\n<meta property=\"og:image\" content=\"https:\/\/blog.mflabs.it\/wp-content\/uploads\/2014\/05\/1604841_458427764280363_60844825_a.jpg\" \/>\n\t<meta property=\"og:image:width\" content=\"180\" \/>\n\t<meta property=\"og:image:height\" content=\"180\" \/>\n\t<meta property=\"og:image:type\" content=\"image\/jpeg\" \/>\n<meta name=\"author\" content=\"Mirco\" \/>\n<meta name=\"twitter:card\" content=\"summary_large_image\" \/>\n<meta name=\"twitter:creator\" content=\"@mf_labs\" \/>\n<meta name=\"twitter:site\" content=\"@mf_labs\" \/>\n<meta name=\"twitter:label1\" content=\"Scritto da\" \/>\n\t<meta name=\"twitter:data1\" content=\"Mirco\" \/>\n\t<meta name=\"twitter:label2\" content=\"Tempo di lettura stimato\" \/>\n\t<meta name=\"twitter:data2\" content=\"2 minuti\" \/>\n<script type=\"application\/ld+json\" class=\"yoast-schema-graph\">{\"@context\":\"https:\/\/schema.org\",\"@graph\":[{\"@type\":\"Article\",\"@id\":\"https:\/\/blog.mflabs.it\/index.php\/2014\/05\/10\/immagina-una-serata-allo-spazio-onoff-il-coworking-a-parma\/#article\",\"isPartOf\":{\"@id\":\"https:\/\/blog.mflabs.it\/index.php\/2014\/05\/10\/immagina-una-serata-allo-spazio-onoff-il-coworking-a-parma\/\"},\"author\":{\"name\":\"Mirco\",\"@id\":\"https:\/\/blog.mflabs.it\/#\/schema\/person\/2f1210ed76b12cce9b3a5bc985ee0c1e\"},\"headline\":\"Immagina una serata allo spazio ON\/OFF, il coworking a Parma\",\"datePublished\":\"2014-05-10T22:42:29+00:00\",\"dateModified\":\"2014-09-18T08:54:06+00:00\",\"mainEntityOfPage\":{\"@id\":\"https:\/\/blog.mflabs.it\/index.php\/2014\/05\/10\/immagina-una-serata-allo-spazio-onoff-il-coworking-a-parma\/\"},\"wordCount\":485,\"commentCount\":0,\"publisher\":{\"@id\":\"https:\/\/blog.mflabs.it\/#organization\"},\"image\":{\"@id\":\"https:\/\/blog.mflabs.it\/index.php\/2014\/05\/10\/immagina-una-serata-allo-spazio-onoff-il-coworking-a-parma\/#primaryimage\"},\"thumbnailUrl\":\"https:\/\/blog.mflabs.it\/wp-content\/uploads\/2014\/05\/1604841_458427764280363_60844825_a.jpg\",\"keywords\":[\"arduino\",\"coworking\",\"eventi\",\"lavoro\",\"Mindstorm\",\"mindwave\",\"parma\",\"spazio on\/off\"],\"articleSection\":[\"Arduino\",\"Eventi\",\"Hardware\",\"Lego MIndstorm\",\"Makers\",\"Mindwave\",\"Project Arale\"],\"inLanguage\":\"it-IT\",\"potentialAction\":[{\"@type\":\"CommentAction\",\"name\":\"Comment\",\"target\":[\"https:\/\/blog.mflabs.it\/index.php\/2014\/05\/10\/immagina-una-serata-allo-spazio-onoff-il-coworking-a-parma\/#respond\"]}]},{\"@type\":\"WebPage\",\"@id\":\"https:\/\/blog.mflabs.it\/index.php\/2014\/05\/10\/immagina-una-serata-allo-spazio-onoff-il-coworking-a-parma\/\",\"url\":\"https:\/\/blog.mflabs.it\/index.php\/2014\/05\/10\/immagina-una-serata-allo-spazio-onoff-il-coworking-a-parma\/\",\"name\":\"Immagina una serata allo spazio ON\/OFF, il coworking a Parma - &quot;NOTIZIE DALLA FUCINA&quot;\",\"isPartOf\":{\"@id\":\"https:\/\/blog.mflabs.it\/#website\"},\"primaryImageOfPage\":{\"@id\":\"https:\/\/blog.mflabs.it\/index.php\/2014\/05\/10\/immagina-una-serata-allo-spazio-onoff-il-coworking-a-parma\/#primaryimage\"},\"image\":{\"@id\":\"https:\/\/blog.mflabs.it\/index.php\/2014\/05\/10\/immagina-una-serata-allo-spazio-onoff-il-coworking-a-parma\/#primaryimage\"},\"thumbnailUrl\":\"https:\/\/blog.mflabs.it\/wp-content\/uploads\/2014\/05\/1604841_458427764280363_60844825_a.jpg\",\"datePublished\":\"2014-05-10T22:42:29+00:00\",\"dateModified\":\"2014-09-18T08:54:06+00:00\",\"breadcrumb\":{\"@id\":\"https:\/\/blog.mflabs.it\/index.php\/2014\/05\/10\/immagina-una-serata-allo-spazio-onoff-il-coworking-a-parma\/#breadcrumb\"},\"inLanguage\":\"it-IT\",\"potentialAction\":[{\"@type\":\"ReadAction\",\"target\":[\"https:\/\/blog.mflabs.it\/index.php\/2014\/05\/10\/immagina-una-serata-allo-spazio-onoff-il-coworking-a-parma\/\"]}]},{\"@type\":\"ImageObject\",\"inLanguage\":\"it-IT\",\"@id\":\"https:\/\/blog.mflabs.it\/index.php\/2014\/05\/10\/immagina-una-serata-allo-spazio-onoff-il-coworking-a-parma\/#primaryimage\",\"url\":\"https:\/\/blog.mflabs.it\/wp-content\/uploads\/2014\/05\/1604841_458427764280363_60844825_a.jpg\",\"contentUrl\":\"https:\/\/blog.mflabs.it\/wp-content\/uploads\/2014\/05\/1604841_458427764280363_60844825_a.jpg\",\"width\":180,\"height\":180,\"caption\":\"Il logo dello spazio On\/Off\"},{\"@type\":\"BreadcrumbList\",\"@id\":\"https:\/\/blog.mflabs.it\/index.php\/2014\/05\/10\/immagina-una-serata-allo-spazio-onoff-il-coworking-a-parma\/#breadcrumb\",\"itemListElement\":[{\"@type\":\"ListItem\",\"position\":1,\"name\":\"Home\",\"item\":\"https:\/\/blog.mflabs.it\/\"},{\"@type\":\"ListItem\",\"position\":2,\"name\":\"Immagina una serata allo spazio ON\/OFF, il coworking a Parma\"}]},{\"@type\":\"WebSite\",\"@id\":\"https:\/\/blog.mflabs.it\/#website\",\"url\":\"https:\/\/blog.mflabs.it\/\",\"name\":\"\\\"NOTIZIE DALLA FUCINA\\\"\",\"description\":\"Curiosit\u00e0 ed aggiornamenti dal mondo dei &quot;Labs&quot;\",\"publisher\":{\"@id\":\"https:\/\/blog.mflabs.it\/#organization\"},\"potentialAction\":[{\"@type\":\"SearchAction\",\"target\":{\"@type\":\"EntryPoint\",\"urlTemplate\":\"https:\/\/blog.mflabs.it\/?s={search_term_string}\"},\"query-input\":{\"@type\":\"PropertyValueSpecification\",\"valueRequired\":true,\"valueName\":\"search_term_string\"}}],\"inLanguage\":\"it-IT\"},{\"@type\":\"Organization\",\"@id\":\"https:\/\/blog.mflabs.it\/#organization\",\"name\":\"MF Labs\",\"url\":\"https:\/\/blog.mflabs.it\/\",\"logo\":{\"@type\":\"ImageObject\",\"inLanguage\":\"it-IT\",\"@id\":\"https:\/\/blog.mflabs.it\/#\/schema\/logo\/image\/\",\"url\":\"https:\/\/blog.mflabs.it\/wp-content\/uploads\/2024\/04\/LOGO-MIRCO-vettoriale.png\",\"contentUrl\":\"https:\/\/blog.mflabs.it\/wp-content\/uploads\/2024\/04\/LOGO-MIRCO-vettoriale.png\",\"width\":1280,\"height\":1280,\"caption\":\"MF Labs\"},\"image\":{\"@id\":\"https:\/\/blog.mflabs.it\/#\/schema\/logo\/image\/\"},\"sameAs\":[\"https:\/\/www.facebook.com\/mflabs\",\"https:\/\/x.com\/mf_labs\",\"https:\/\/www.linkedin.com\/company\/mf-labs\"]},{\"@type\":\"Person\",\"@id\":\"https:\/\/blog.mflabs.it\/#\/schema\/person\/2f1210ed76b12cce9b3a5bc985ee0c1e\",\"name\":\"Mirco\",\"image\":{\"@type\":\"ImageObject\",\"inLanguage\":\"it-IT\",\"@id\":\"https:\/\/secure.gravatar.com\/avatar\/59ffdd097ce26be245f847058a27df65aced7d37a8e099feaa16da310f569030?s=96&d=mm&r=g\",\"url\":\"https:\/\/secure.gravatar.com\/avatar\/59ffdd097ce26be245f847058a27df65aced7d37a8e099feaa16da310f569030?s=96&d=mm&r=g\",\"contentUrl\":\"https:\/\/secure.gravatar.com\/avatar\/59ffdd097ce26be245f847058a27df65aced7d37a8e099feaa16da310f569030?s=96&d=mm&r=g\",\"caption\":\"Mirco\"},\"url\":\"https:\/\/blog.mflabs.it\/index.php\/author\/admin\/\"}]}<\/script>\n<!-- \/ Yoast SEO plugin. -->","yoast_head_json":{"title":"Immagina una serata allo spazio ON\/OFF, il coworking a Parma - &quot;NOTIZIE DALLA FUCINA&quot;","robots":{"index":"index","follow":"follow","max-snippet":"max-snippet:-1","max-image-preview":"max-image-preview:large","max-video-preview":"max-video-preview:-1"},"canonical":"https:\/\/blog.mflabs.it\/index.php\/2014\/05\/10\/immagina-una-serata-allo-spazio-onoff-il-coworking-a-parma\/","og_locale":"it_IT","og_type":"article","og_title":"Immagina una serata allo spazio ON\/OFF, il coworking a Parma - &quot;NOTIZIE DALLA FUCINA&quot;","og_description":"A gennaio abbiamo ricevuto l&#8217;invito a partecipare ad una serata presso lo spazio di Coworking ON\/OFF a Parma. Un evento informale per far conoscere questo luogo e le sue enormi potenzialit\u00e0, un modo spontaneo e naturale per parlare di arte, stampa 3D e tecnologia. L&#8217;idea ci \u00e8 subito piaciuta e [&hellip;]","og_url":"https:\/\/blog.mflabs.it\/index.php\/2014\/05\/10\/immagina-una-serata-allo-spazio-onoff-il-coworking-a-parma\/","og_site_name":"&quot;NOTIZIE DALLA FUCINA&quot;","article_publisher":"https:\/\/www.facebook.com\/mflabs","article_published_time":"2014-05-10T22:42:29+00:00","article_modified_time":"2014-09-18T08:54:06+00:00","og_image":[{"width":180,"height":180,"url":"https:\/\/blog.mflabs.it\/wp-content\/uploads\/2014\/05\/1604841_458427764280363_60844825_a.jpg","type":"image\/jpeg"}],"author":"Mirco","twitter_card":"summary_large_image","twitter_creator":"@mf_labs","twitter_site":"@mf_labs","twitter_misc":{"Scritto da":"Mirco","Tempo di lettura stimato":"2 minuti"},"schema":{"@context":"https:\/\/schema.org","@graph":[{"@type":"Article","@id":"https:\/\/blog.mflabs.it\/index.php\/2014\/05\/10\/immagina-una-serata-allo-spazio-onoff-il-coworking-a-parma\/#article","isPartOf":{"@id":"https:\/\/blog.mflabs.it\/index.php\/2014\/05\/10\/immagina-una-serata-allo-spazio-onoff-il-coworking-a-parma\/"},"author":{"name":"Mirco","@id":"https:\/\/blog.mflabs.it\/#\/schema\/person\/2f1210ed76b12cce9b3a5bc985ee0c1e"},"headline":"Immagina una serata allo spazio ON\/OFF, il coworking a Parma","datePublished":"2014-05-10T22:42:29+00:00","dateModified":"2014-09-18T08:54:06+00:00","mainEntityOfPage":{"@id":"https:\/\/blog.mflabs.it\/index.php\/2014\/05\/10\/immagina-una-serata-allo-spazio-onoff-il-coworking-a-parma\/"},"wordCount":485,"commentCount":0,"publisher":{"@id":"https:\/\/blog.mflabs.it\/#organization"},"image":{"@id":"https:\/\/blog.mflabs.it\/index.php\/2014\/05\/10\/immagina-una-serata-allo-spazio-onoff-il-coworking-a-parma\/#primaryimage"},"thumbnailUrl":"https:\/\/blog.mflabs.it\/wp-content\/uploads\/2014\/05\/1604841_458427764280363_60844825_a.jpg","keywords":["arduino","coworking","eventi","lavoro","Mindstorm","mindwave","parma","spazio on\/off"],"articleSection":["Arduino","Eventi","Hardware","Lego MIndstorm","Makers","Mindwave","Project Arale"],"inLanguage":"it-IT","potentialAction":[{"@type":"CommentAction","name":"Comment","target":["https:\/\/blog.mflabs.it\/index.php\/2014\/05\/10\/immagina-una-serata-allo-spazio-onoff-il-coworking-a-parma\/#respond"]}]},{"@type":"WebPage","@id":"https:\/\/blog.mflabs.it\/index.php\/2014\/05\/10\/immagina-una-serata-allo-spazio-onoff-il-coworking-a-parma\/","url":"https:\/\/blog.mflabs.it\/index.php\/2014\/05\/10\/immagina-una-serata-allo-spazio-onoff-il-coworking-a-parma\/","name":"Immagina una serata allo spazio ON\/OFF, il coworking a Parma - &quot;NOTIZIE DALLA FUCINA&quot;","isPartOf":{"@id":"https:\/\/blog.mflabs.it\/#website"},"primaryImageOfPage":{"@id":"https:\/\/blog.mflabs.it\/index.php\/2014\/05\/10\/immagina-una-serata-allo-spazio-onoff-il-coworking-a-parma\/#primaryimage"},"image":{"@id":"https:\/\/blog.mflabs.it\/index.php\/2014\/05\/10\/immagina-una-serata-allo-spazio-onoff-il-coworking-a-parma\/#primaryimage"},"thumbnailUrl":"https:\/\/blog.mflabs.it\/wp-content\/uploads\/2014\/05\/1604841_458427764280363_60844825_a.jpg","datePublished":"2014-05-10T22:42:29+00:00","dateModified":"2014-09-18T08:54:06+00:00","breadcrumb":{"@id":"https:\/\/blog.mflabs.it\/index.php\/2014\/05\/10\/immagina-una-serata-allo-spazio-onoff-il-coworking-a-parma\/#breadcrumb"},"inLanguage":"it-IT","potentialAction":[{"@type":"ReadAction","target":["https:\/\/blog.mflabs.it\/index.php\/2014\/05\/10\/immagina-una-serata-allo-spazio-onoff-il-coworking-a-parma\/"]}]},{"@type":"ImageObject","inLanguage":"it-IT","@id":"https:\/\/blog.mflabs.it\/index.php\/2014\/05\/10\/immagina-una-serata-allo-spazio-onoff-il-coworking-a-parma\/#primaryimage","url":"https:\/\/blog.mflabs.it\/wp-content\/uploads\/2014\/05\/1604841_458427764280363_60844825_a.jpg","contentUrl":"https:\/\/blog.mflabs.it\/wp-content\/uploads\/2014\/05\/1604841_458427764280363_60844825_a.jpg","width":180,"height":180,"caption":"Il logo dello spazio On\/Off"},{"@type":"BreadcrumbList","@id":"https:\/\/blog.mflabs.it\/index.php\/2014\/05\/10\/immagina-una-serata-allo-spazio-onoff-il-coworking-a-parma\/#breadcrumb","itemListElement":[{"@type":"ListItem","position":1,"name":"Home","item":"https:\/\/blog.mflabs.it\/"},{"@type":"ListItem","position":2,"name":"Immagina una serata allo spazio ON\/OFF, il coworking a Parma"}]},{"@type":"WebSite","@id":"https:\/\/blog.mflabs.it\/#website","url":"https:\/\/blog.mflabs.it\/","name":"\"NOTIZIE DALLA FUCINA\"","description":"Curiosit\u00e0 ed aggiornamenti dal mondo dei &quot;Labs&quot;","publisher":{"@id":"https:\/\/blog.mflabs.it\/#organization"},"potentialAction":[{"@type":"SearchAction","target":{"@type":"EntryPoint","urlTemplate":"https:\/\/blog.mflabs.it\/?s={search_term_string}"},"query-input":{"@type":"PropertyValueSpecification","valueRequired":true,"valueName":"search_term_string"}}],"inLanguage":"it-IT"},{"@type":"Organization","@id":"https:\/\/blog.mflabs.it\/#organization","name":"MF Labs","url":"https:\/\/blog.mflabs.it\/","logo":{"@type":"ImageObject","inLanguage":"it-IT","@id":"https:\/\/blog.mflabs.it\/#\/schema\/logo\/image\/","url":"https:\/\/blog.mflabs.it\/wp-content\/uploads\/2024\/04\/LOGO-MIRCO-vettoriale.png","contentUrl":"https:\/\/blog.mflabs.it\/wp-content\/uploads\/2024\/04\/LOGO-MIRCO-vettoriale.png","width":1280,"height":1280,"caption":"MF Labs"},"image":{"@id":"https:\/\/blog.mflabs.it\/#\/schema\/logo\/image\/"},"sameAs":["https:\/\/www.facebook.com\/mflabs","https:\/\/x.com\/mf_labs","https:\/\/www.linkedin.com\/company\/mf-labs"]},{"@type":"Person","@id":"https:\/\/blog.mflabs.it\/#\/schema\/person\/2f1210ed76b12cce9b3a5bc985ee0c1e","name":"Mirco","image":{"@type":"ImageObject","inLanguage":"it-IT","@id":"https:\/\/secure.gravatar.com\/avatar\/59ffdd097ce26be245f847058a27df65aced7d37a8e099feaa16da310f569030?s=96&d=mm&r=g","url":"https:\/\/secure.gravatar.com\/avatar\/59ffdd097ce26be245f847058a27df65aced7d37a8e099feaa16da310f569030?s=96&d=mm&r=g","contentUrl":"https:\/\/secure.gravatar.com\/avatar\/59ffdd097ce26be245f847058a27df65aced7d37a8e099feaa16da310f569030?s=96&d=mm&r=g","caption":"Mirco"},"url":"https:\/\/blog.mflabs.it\/index.php\/author\/admin\/"}]}},"_links":{"self":[{"href":"https:\/\/blog.mflabs.it\/index.php\/wp-json\/wp\/v2\/posts\/213","targetHints":{"allow":["GET"]}}],"collection":[{"href":"https:\/\/blog.mflabs.it\/index.php\/wp-json\/wp\/v2\/posts"}],"about":[{"href":"https:\/\/blog.mflabs.it\/index.php\/wp-json\/wp\/v2\/types\/post"}],"author":[{"embeddable":true,"href":"https:\/\/blog.mflabs.it\/index.php\/wp-json\/wp\/v2\/users\/1"}],"replies":[{"embeddable":true,"href":"https:\/\/blog.mflabs.it\/index.php\/wp-json\/wp\/v2\/comments?post=213"}],"version-history":[{"count":4,"href":"https:\/\/blog.mflabs.it\/index.php\/wp-json\/wp\/v2\/posts\/213\/revisions"}],"predecessor-version":[{"id":228,"href":"https:\/\/blog.mflabs.it\/index.php\/wp-json\/wp\/v2\/posts\/213\/revisions\/228"}],"wp:featuredmedia":[{"embeddable":true,"href":"https:\/\/blog.mflabs.it\/index.php\/wp-json\/wp\/v2\/media\/227"}],"wp:attachment":[{"href":"https:\/\/blog.mflabs.it\/index.php\/wp-json\/wp\/v2\/media?parent=213"}],"wp:term":[{"taxonomy":"category","embeddable":true,"href":"https:\/\/blog.mflabs.it\/index.php\/wp-json\/wp\/v2\/categories?post=213"},{"taxonomy":"post_tag","embeddable":true,"href":"https:\/\/blog.mflabs.it\/index.php\/wp-json\/wp\/v2\/tags?post=213"}],"curies":[{"name":"wp","href":"https:\/\/api.w.org\/{rel}","templated":true}]}}